{"id":919,"date":"2019-06-09T18:14:31","date_gmt":"2019-06-09T18:14:31","guid":{"rendered":"https:\/\/premierecompagnie.net\/?p=919"},"modified":"2022-01-08T14:06:47","modified_gmt":"2022-01-08T14:06:47","slug":"festival-de-la-jeunesse-aae","status":"publish","type":"post","link":"https:\/\/premierecompagnie.net\/?p=919","title":{"rendered":"Festival de la jeunesse AAE"},"content":{"rendered":"\n<p>Dimanche 9 juin 2019, au parc des Faitelles \u00e0 Vendin le Vieil, nous avons anim\u00e9 un stand de tir \u00e0 l&rsquo;arc et sarbacane.<\/p>\n\n\n\n<figure class=\"wp-block-image\"><img loading=\"lazy\" decoding=\"async\" width=\"1024\" height=\"576\" src=\"https:\/\/premierecompagnie.net\/wp\/wp-content\/uploads\/2019\/06\/20190609_102617-1024x576.jpg\" alt=\"\" class=\"wp-image-918\" srcset=\"https:\/\/premierecompagnie.net\/wp\/wp-content\/uploads\/2019\/06\/20190609_102617-1024x576.jpg 1024w, https:\/\/premierecompagnie.net\/wp\/wp-content\/uploads\/2019\/06\/20190609_102617-300x169.jpg 300w, https:\/\/premierecompagnie.net\/wp\/wp-content\/uploads\/2019\/06\/20190609_102617-768x432.jpg 768w, https:\/\/premierecompagnie.net\/wp\/wp-content\/uploads\/2019\/06\/20190609_102617-624x351.jpg 624w\" sizes=\"auto, (max-width: 1024px) 100vw, 1024px\" \/><\/figure>\n","protected":false},"excerpt":{"rendered":"<p>Dimanche 9 juin 2019, au parc des Faitelles \u00e0 Vendin le Vieil, nous avons anim\u00e9 un stand de tir \u00e0 l&rsquo;arc et sarbacane.<\/p>\n","protected":false},"author":2,"featured_media":0,"comment_status":"closed","ping_status":"closed","sticky":false,"template":"","format":"standard","meta":{"footnotes":""},"categories":[4],"tags":[],"class_list":["post-919","post","type-post","status-publish","format-standard","hentry","category-vieasso"],"_links":{"self":[{"href":"https:\/\/premierecompagnie.net\/index.php?rest_route=\/wp\/v2\/posts\/919","targetHints":{"allow":["GET"]}}],"collection":[{"href":"https:\/\/premierecompagnie.net\/index.php?rest_route=\/wp\/v2\/posts"}],"about":[{"href":"https:\/\/premierecompagnie.net\/index.php?rest_route=\/wp\/v2\/types\/post"}],"author":[{"embeddable":true,"href":"https:\/\/premierecompagnie.net\/index.php?rest_route=\/wp\/v2\/users\/2"}],"replies":[{"embeddable":true,"href":"https:\/\/premierecompagnie.net\/index.php?rest_route=%2Fwp%2Fv2%2Fcomments&post=919"}],"version-history":[{"count":1,"href":"https:\/\/premierecompagnie.net\/index.php?rest_route=\/wp\/v2\/posts\/919\/revisions"}],"predecessor-version":[{"id":920,"href":"https:\/\/premierecompagnie.net\/index.php?rest_route=\/wp\/v2\/posts\/919\/revisions\/920"}],"wp:attachment":[{"href":"https:\/\/premierecompagnie.net\/index.php?rest_route=%2Fwp%2Fv2%2Fmedia&parent=919"}],"wp:term":[{"taxonomy":"category","embeddable":true,"href":"https:\/\/premierecompagnie.net\/index.php?rest_route=%2Fwp%2Fv2%2Fcategories&post=919"},{"taxonomy":"post_tag","embeddable":true,"href":"https:\/\/premierecompagnie.net\/index.php?rest_route=%2Fwp%2Fv2%2Ftags&post=919"}],"curies":[{"name":"wp","href":"https:\/\/api.w.org\/{rel}","templated":true}]}}