{"id":196,"date":"2015-06-17T05:23:13","date_gmt":"2015-06-17T05:23:13","guid":{"rendered":"http:\/\/premierecompagnie.net\/?p=196"},"modified":"2022-01-08T13:44:23","modified_gmt":"2022-01-08T13:44:23","slug":"au-festival-de-la-jeunesse-de-laae62","status":"publish","type":"post","link":"https:\/\/premierecompagnie.net\/?p=196","title":{"rendered":"Au festival de la jeunesse de l&rsquo;AAE62"},"content":{"rendered":"<p>Dimanche 14 juin 2015, nous avons assur\u00e9 un atelier, qui n&rsquo;a pas d\u00e9sempli au parc des Faitelles \u00e0 Vendin le Vieil.<\/p>\n<div id=\"attachment_195\" style=\"width: 310px\" class=\"wp-caption alignnone\"><a href=\"http:\/\/premierecompagnie.net\/wp\/wp-content\/uploads\/2015\/06\/20150614_093403.jpg\"><img loading=\"lazy\" decoding=\"async\" aria-describedby=\"caption-attachment-195\" class=\"size-medium wp-image-195\" src=\"http:\/\/premierecompagnie.net\/wp\/wp-content\/uploads\/2015\/06\/20150614_093403-300x169.jpg\" alt=\"l'atelier avant les visiteurs\" width=\"300\" height=\"169\" srcset=\"https:\/\/premierecompagnie.net\/wp\/wp-content\/uploads\/2015\/06\/20150614_093403-300x169.jpg 300w, https:\/\/premierecompagnie.net\/wp\/wp-content\/uploads\/2015\/06\/20150614_093403-1024x576.jpg 1024w, https:\/\/premierecompagnie.net\/wp\/wp-content\/uploads\/2015\/06\/20150614_093403-624x351.jpg 624w\" sizes=\"auto, (max-width: 300px) 100vw, 300px\" \/><\/a><p id=\"caption-attachment-195\" class=\"wp-caption-text\">l&rsquo;atelier avant les visiteurs<\/p><\/div>\n","protected":false},"excerpt":{"rendered":"<p>Dimanche 14 juin 2015, nous avons assur\u00e9 un atelier, qui n&rsquo;a pas d\u00e9sempli au parc des Faitelles \u00e0 Vendin le Vieil.<\/p>\n","protected":false},"author":2,"featured_media":0,"comment_status":"closed","ping_status":"closed","sticky":false,"template":"","format":"standard","meta":{"footnotes":""},"categories":[4],"tags":[],"class_list":["post-196","post","type-post","status-publish","format-standard","hentry","category-vieasso"],"_links":{"self":[{"href":"https:\/\/premierecompagnie.net\/index.php?rest_route=\/wp\/v2\/posts\/196","targetHints":{"allow":["GET"]}}],"collection":[{"href":"https:\/\/premierecompagnie.net\/index.php?rest_route=\/wp\/v2\/posts"}],"about":[{"href":"https:\/\/premierecompagnie.net\/index.php?rest_route=\/wp\/v2\/types\/post"}],"author":[{"embeddable":true,"href":"https:\/\/premierecompagnie.net\/index.php?rest_route=\/wp\/v2\/users\/2"}],"replies":[{"embeddable":true,"href":"https:\/\/premierecompagnie.net\/index.php?rest_route=%2Fwp%2Fv2%2Fcomments&post=196"}],"version-history":[{"count":2,"href":"https:\/\/premierecompagnie.net\/index.php?rest_route=\/wp\/v2\/posts\/196\/revisions"}],"predecessor-version":[{"id":1197,"href":"https:\/\/premierecompagnie.net\/index.php?rest_route=\/wp\/v2\/posts\/196\/revisions\/1197"}],"wp:attachment":[{"href":"https:\/\/premierecompagnie.net\/index.php?rest_route=%2Fwp%2Fv2%2Fmedia&parent=196"}],"wp:term":[{"taxonomy":"category","embeddable":true,"href":"https:\/\/premierecompagnie.net\/index.php?rest_route=%2Fwp%2Fv2%2Fcategories&post=196"},{"taxonomy":"post_tag","embeddable":true,"href":"https:\/\/premierecompagnie.net\/index.php?rest_route=%2Fwp%2Fv2%2Ftags&post=196"}],"curies":[{"name":"wp","href":"https:\/\/api.w.org\/{rel}","templated":true}]}}