{"id":1683,"date":"2025-04-27T18:50:43","date_gmt":"2025-04-27T18:50:43","guid":{"rendered":"https:\/\/premierecompagnie.net\/?p=1683"},"modified":"2025-04-27T18:50:43","modified_gmt":"2025-04-27T18:50:43","slug":"mise-a-lhonneur-de-la-presidente-pollet-francoise-et-du-tresorier-fievet-francis","status":"publish","type":"post","link":"https:\/\/premierecompagnie.net\/?p=1683","title":{"rendered":"Mise \u00e0 l&rsquo;honneur de la pr\u00e9sidente Pollet Fran\u00e7oise et du tr\u00e9sorier Fievet Francis"},"content":{"rendered":"\n<p><\/p>\n\n\n\n<p class=\"has-medium-font-size\">A l&rsquo;occasion du tir aux \u0153ufs, M Robert, Maire de Lens et Mme la s\u00e9natrice  Cathy Apourceau-Poly sont venus remettre \u00e0 Mme Pollet et M. Fi\u00e9vet la <strong><em>m\u00e9daille de la citoyennet\u00e9<\/em><\/strong> pour leur engagement au sein de la 1\u00e8re compagnie.<\/p>\n\n\n\n<figure class=\"wp-block-gallery has-nested-images columns-default is-cropped wp-block-gallery-1 is-layout-flex wp-block-gallery-is-layout-flex\">\n<figure class=\"wp-block-image size-large\"><a href=\"https:\/\/premierecompagnie.net\/wp\/wp-content\/uploads\/2025\/04\/20250426_204829-rotated.jpg\"><img loading=\"lazy\" decoding=\"async\" width=\"768\" height=\"1024\" data-id=\"1686\" src=\"https:\/\/premierecompagnie.net\/wp\/wp-content\/uploads\/2025\/04\/20250426_204829-768x1024.jpg\" alt=\"\" class=\"wp-image-1686\" srcset=\"https:\/\/premierecompagnie.net\/wp\/wp-content\/uploads\/2025\/04\/20250426_204829-768x1024.jpg 768w, https:\/\/premierecompagnie.net\/wp\/wp-content\/uploads\/2025\/04\/20250426_204829-225x300.jpg 225w, https:\/\/premierecompagnie.net\/wp\/wp-content\/uploads\/2025\/04\/20250426_204829-1152x1536.jpg 1152w, https:\/\/premierecompagnie.net\/wp\/wp-content\/uploads\/2025\/04\/20250426_204829-624x832.jpg 624w, https:\/\/premierecompagnie.net\/wp\/wp-content\/uploads\/2025\/04\/20250426_204829-rotated.jpg 1499w\" sizes=\"auto, (max-width: 768px) 100vw, 768px\" \/><\/a><\/figure>\n\n\n\n<figure class=\"wp-block-image size-large\"><a href=\"https:\/\/premierecompagnie.net\/wp\/wp-content\/uploads\/2025\/04\/493442919_9821726784552256_2954279970477052807_n.jpg\"><img loading=\"lazy\" decoding=\"async\" width=\"526\" height=\"701\" data-id=\"1684\" src=\"https:\/\/premierecompagnie.net\/wp\/wp-content\/uploads\/2025\/04\/493442919_9821726784552256_2954279970477052807_n.jpg\" alt=\"\" class=\"wp-image-1684\" srcset=\"https:\/\/premierecompagnie.net\/wp\/wp-content\/uploads\/2025\/04\/493442919_9821726784552256_2954279970477052807_n.jpg 526w, https:\/\/premierecompagnie.net\/wp\/wp-content\/uploads\/2025\/04\/493442919_9821726784552256_2954279970477052807_n-225x300.jpg 225w\" sizes=\"auto, (max-width: 526px) 100vw, 526px\" \/><\/a><\/figure>\n\n\n\n<figure class=\"wp-block-image size-large\"><a href=\"https:\/\/premierecompagnie.net\/wp\/wp-content\/uploads\/2025\/04\/494004448_9821707754554159_4245672021002394910_n.jpg\"><img loading=\"lazy\" decoding=\"async\" width=\"526\" height=\"701\" data-id=\"1685\" src=\"https:\/\/premierecompagnie.net\/wp\/wp-content\/uploads\/2025\/04\/494004448_9821707754554159_4245672021002394910_n.jpg\" alt=\"\" class=\"wp-image-1685\" srcset=\"https:\/\/premierecompagnie.net\/wp\/wp-content\/uploads\/2025\/04\/494004448_9821707754554159_4245672021002394910_n.jpg 526w, https:\/\/premierecompagnie.net\/wp\/wp-content\/uploads\/2025\/04\/494004448_9821707754554159_4245672021002394910_n-225x300.jpg 225w\" sizes=\"auto, (max-width: 526px) 100vw, 526px\" \/><\/a><\/figure>\n<\/figure>\n","protected":false},"excerpt":{"rendered":"<p>A l&rsquo;occasion du tir aux \u0153ufs, M Robert, Maire de Lens et Mme la s\u00e9natrice Cathy Apourceau-Poly sont venus remettre \u00e0 Mme Pollet et M. Fi\u00e9vet la m\u00e9daille de la citoyennet\u00e9 pour leur engagement au sein de la 1\u00e8re compagnie.<\/p>\n","protected":false},"author":2,"featured_media":0,"comment_status":"closed","ping_status":"","sticky":false,"template":"","format":"standard","meta":{"footnotes":""},"categories":[4],"tags":[],"class_list":["post-1683","post","type-post","status-publish","format-standard","hentry","category-vieasso"],"_links":{"self":[{"href":"https:\/\/premierecompagnie.net\/index.php?rest_route=\/wp\/v2\/posts\/1683","targetHints":{"allow":["GET"]}}],"collection":[{"href":"https:\/\/premierecompagnie.net\/index.php?rest_route=\/wp\/v2\/posts"}],"about":[{"href":"https:\/\/premierecompagnie.net\/index.php?rest_route=\/wp\/v2\/types\/post"}],"author":[{"embeddable":true,"href":"https:\/\/premierecompagnie.net\/index.php?rest_route=\/wp\/v2\/users\/2"}],"replies":[{"embeddable":true,"href":"https:\/\/premierecompagnie.net\/index.php?rest_route=%2Fwp%2Fv2%2Fcomments&post=1683"}],"version-history":[{"count":1,"href":"https:\/\/premierecompagnie.net\/index.php?rest_route=\/wp\/v2\/posts\/1683\/revisions"}],"predecessor-version":[{"id":1687,"href":"https:\/\/premierecompagnie.net\/index.php?rest_route=\/wp\/v2\/posts\/1683\/revisions\/1687"}],"wp:attachment":[{"href":"https:\/\/premierecompagnie.net\/index.php?rest_route=%2Fwp%2Fv2%2Fmedia&parent=1683"}],"wp:term":[{"taxonomy":"category","embeddable":true,"href":"https:\/\/premierecompagnie.net\/index.php?rest_route=%2Fwp%2Fv2%2Fcategories&post=1683"},{"taxonomy":"post_tag","embeddable":true,"href":"https:\/\/premierecompagnie.net\/index.php?rest_route=%2Fwp%2Fv2%2Ftags&post=1683"}],"curies":[{"name":"wp","href":"https:\/\/api.w.org\/{rel}","templated":true}]}}